{"id":1663,"date":"2022-06-20T18:37:43","date_gmt":"2022-06-20T16:37:43","guid":{"rendered":"https:\/\/ambbaghdad.esteri.it\/news\/dall_ambasciata\/2022\/06\/intervista-sereni-l-iraq-perno\/"},"modified":"2022-06-20T18:37:43","modified_gmt":"2022-06-20T16:37:43","slug":"intervista-sereni-l-iraq-perno","status":"publish","type":"post","link":"https:\/\/ambbaghdad.esteri.it\/it\/news\/dall_ambasciata\/2022\/06\/intervista-sereni-l-iraq-perno\/","title":{"rendered":"INTERVISTA: Sereni, l&#8217;Iraq perno di pace in Medio Oriente (ANSA)"},"content":{"rendered":"<p>(ANSA) &#8211; BEIRUT, 04 GIU &#8211; &#8220;Rilanciare e rafforzare la collaborazione bilaterale&#8221; con le autorit\u00e0 irachene e curdo-irachene, di un Paese che rimane &#8220;un perno per la pace e la stabilit\u00e0 di tutto il Medio Oriente&#8221;: \u00e8 stato questo lo spirito che ha animato la missione di 4 giorni a Baghdad e Erbil della vice ministra degli Esteri italiana Marina Sereni. Accompagnata a Baghdad dall&#8217;ambasciatore d&#8217;Italia Maurizio Greganti e dal console a Erbil Michele Camerota a cavallo della Festa della Repubblica italiana, la vice ministra ha avuto numerosi incontri con un ampio spettro di rappresentanti istituzionali locali.<\/p>\n<p>In una conversazione con l&#8217;ANSA, Sereni ripercorre alcune delle tappe chiave dei quattro giorni passati in Iraq: qui ha incontrato i vertici del comando, ora italiano, della missione Nato in Iraq. &#8220;L&#8217;Italia ha ora un profilo pi\u00f9 alto nel Paese e in tutta la regione. Ho ribadito il nostro impegno nella cooperazione militare e in quella economica&#8221;, ha detto. Sia a Baghdad che a Erbil, Sereni ha avuto l&#8217;opportunit\u00e0 di festeggiare il 2 giugno. &#8220;E&#8217; stata una occasione per mettere assieme gli amici che l&#8217;Italia ha in questo Paese. C&#8217;\u00e8 stata una ampia partecipazione di ospiti, autorit\u00e0 locali di alto livello e connazionali a Baghdad e a Erbil&#8221;.<\/p>\n<p>Un altro ambito della visita ha riguardato la delicata congiuntura politica e istituzionale seguita alle elezioni legislative di ottobre scorso. &#8220;Queste hanno costituito un momento positivo nell&#8217;evoluzione politica del Paese&#8221;, ha osservato la vice ministra. Alla luce del prolungato stallo istituzionale, sia nell&#8217;elezione del presidente della Repubblica che nella formazione del governo, Sereni ha spiegato di aver &#8220;approfittato di questa visita per incontrare una serie di interlocutori e capire che prospettive ci sono per una soluzione della crisi. Abbiamo incoraggiato gli interlocutori perch\u00e9 si trovi internamente una via d&#8217;uscita a questo impasse&#8221;.<\/p>\n<p>L&#8217;Iraq \u00e8 anche impegnato da diversi mesi nel facilitare il dialogo tra Iran e Arabia Saudita, le due potenze regionali rivali e confinanti con l&#8217;Iraq. Il governo uscente iracheno del premier Mustafa Kadhimi ospita a Baghdad ricorrenti incontri tra esponenti sauditi e iraniani. &#8220;Abbiamo preso atto con favore degli sforzi che l&#8217;Iraq, in quanto crocevia della regione, sta mettendo in campo per facilitare processi negoziali tra attori dell&#8217;area, ed \u00e8 un processo che riteniamo positivo&#8221;, ha commentato la vice ministra.<\/p>\n<p>La sua visita si \u00e8 arricchita anche di incontri con attori locali e con rappresentanti di organizzazioni non governative italiane (Ong) coinvolte nei progetti finanziati e portati avanti dall&#8217;Agenzia italiana per la Cooperazione allo sviluppo visto che &#8220;Iraq e Kurdistan rimangono aree prioritarie per l&#8217;Italia&#8221;. Altri incontri avuti da Sereni tra Baghdad e Erbil hanno riguardato le questioni derivanti dalle conseguenze della lotta all&#8217;Isis, in particolare per quanto riguarda la salvaguardia dei diritti delle donne vittime di violenza e quelli delle minoranze religiose. (ANSA).<\/p>\n","protected":false},"excerpt":{"rendered":"(ANSA) &#8211; BEIRUT, 04 GIU &#8211; &#8220;Rilanciare e rafforzare la collaborazione bilaterale&#8221; con le autorit\u00e0 irachene e curdo-irachene, di un Paese che rimane &#8220;un perno per la pace e la stabilit\u00e0 di tutto il Medio Oriente&#8221;: \u00e8 stato questo lo spirito che ha animato la missione di 4 giorni a Baghdad e Erbil della vice [&hellip;]","protected":false},"author":1,"featured_media":0,"comment_status":"","ping_status":"","sticky":false,"template":"","format":"standard","meta":{"footnotes":""},"tags":[],"class_list":["post-1663","post","type-post","status-publish","format-standard","hentry"],"_links":{"self":[{"href":"https:\/\/ambbaghdad.esteri.it\/it\/wp-json\/wp\/v2\/posts\/1663","targetHints":{"allow":["GET"]}}],"collection":[{"href":"https:\/\/ambbaghdad.esteri.it\/it\/wp-json\/wp\/v2\/posts"}],"about":[{"href":"https:\/\/ambbaghdad.esteri.it\/it\/wp-json\/wp\/v2\/types\/post"}],"author":[{"embeddable":true,"href":"https:\/\/ambbaghdad.esteri.it\/it\/wp-json\/wp\/v2\/users\/1"}],"replies":[{"embeddable":true,"href":"https:\/\/ambbaghdad.esteri.it\/it\/wp-json\/wp\/v2\/comments?post=1663"}],"version-history":[{"count":0,"href":"https:\/\/ambbaghdad.esteri.it\/it\/wp-json\/wp\/v2\/posts\/1663\/revisions"}],"wp:attachment":[{"href":"https:\/\/ambbaghdad.esteri.it\/it\/wp-json\/wp\/v2\/media?parent=1663"}],"wp:term":[{"taxonomy":"post_tag","embeddable":true,"href":"https:\/\/ambbaghdad.esteri.it\/it\/wp-json\/wp\/v2\/tags?post=1663"}],"curies":[{"name":"wp","href":"https:\/\/api.w.org\/{rel}","templated":true}]}}