{"id":4030,"date":"2024-12-02T19:22:29","date_gmt":"2024-12-02T18:22:29","guid":{"rendered":"https:\/\/ambbaghdad.esteri.it\/?p=4030"},"modified":"2024-12-03T14:18:07","modified_gmt":"2024-12-03T13:18:07","slug":"conclusione-della-ix-settimana-della-cucina-italiana-nel-mondo","status":"publish","type":"post","link":"https:\/\/ambbaghdad.esteri.it\/it\/news\/dall_ambasciata\/2024\/12\/conclusione-della-ix-settimana-della-cucina-italiana-nel-mondo\/","title":{"rendered":"CONCLUSIONE DELLA IX SETTIMANA DELLA CUCINA ITALIANA NEL MONDO"},"content":{"rendered":"<p>Il 28 novembre si \u00e8 conclusa a Baghdad la Settimana della Cucina Italiana organizzata dall\u2019Ambasciata, in collaborazione con ICE e grazie al supporto di sponsor italiani e iracheni.<\/p>\n<p>Il successo dell\u2019iniziativa, comprovato dalla grande partecipazione di pubblico a tutti gli eventi programmati e dalla loro risonanza mediatica, \u00e8 stato assicurato dal coinvolgimento dei cinque chef dell\u2019Associazione SEML che hanno animato una masterclass sul tema della SCIM 2024 \u201cDieta Mediterranea e cucina delle Radici: Salute e Tradizione\u201d, tre corsi di cucina, due laboratori per bambini e due eventi aperti \u201csocial\u201d.<\/p>\n<p>Tra alunni e insegnanti dell\u2019Istituto alberghiero di Baghdad e alcuni professionisti del settore, sono stati numerosi i partecipanti alle lezioni di cucina, pasticceria e pizzeria ospitati presso le cucine dell\u2019Hotel Al Rasheed e dell\u2019Ambasciata.<\/p>\n<p>Altrettanto numerosi i bambini che con grande entusiasmo hanno preso parte ai laboratori didattici promossi dagli chef, dimostrando come l\u2019esperienza culinaria si possa trasformare in un percorso di crescita e condivisione con numerosi benefici per la salute psico-fisica.<\/p>\n<p>Nella suggestiva cornice dell\u2019Hotel Al Rasheed, cuochi italiani e iracheni hanno lavorato fianco a fianco per la realizzazione di un men\u00f9 omaggio al Made in Italy servito in occasione del Pranzo di Gala. Tra gli illustri invitati, il Ministro della Cultura, del Turismo e delle Antichit\u00e0 Ahmed Fakak Al Badrani e la Presidente della Commissione Affari Esteri del Parlamento Delan Ghafoor.<\/p>\n<p>Pizza, street food, dolci e vini nostrani sono stati offerti agli oltre 250 ospiti della festa conclusiva organizzata presso la Residenza. Presenti numerosi membri della comunit\u00e0 internazionale, personalit\u00e0 del mondo economico e culturale iracheno ed una qualificata rappresentanza della collettivit\u00e0 italiana.<\/p>\n","protected":false},"excerpt":{"rendered":"Il 28 novembre si \u00e8 conclusa a Baghdad la Settimana della Cucina Italiana organizzata dall\u2019Ambasciata, in collaborazione con ICE e grazie al supporto di sponsor italiani e iracheni. Il successo dell\u2019iniziativa, comprovato dalla grande partecipazione di pubblico a tutti gli eventi programmati e dalla loro risonanza mediatica, \u00e8 stato assicurato dal coinvolgimento dei cinque chef [&hellip;]","protected":false},"author":4,"featured_media":4031,"comment_status":"closed","ping_status":"closed","sticky":false,"template":"","format":"standard","meta":{"footnotes":""},"tags":[],"class_list":["post-4030","post","type-post","status-publish","format-standard","has-post-thumbnail","hentry"],"_links":{"self":[{"href":"https:\/\/ambbaghdad.esteri.it\/it\/wp-json\/wp\/v2\/posts\/4030","targetHints":{"allow":["GET"]}}],"collection":[{"href":"https:\/\/ambbaghdad.esteri.it\/it\/wp-json\/wp\/v2\/posts"}],"about":[{"href":"https:\/\/ambbaghdad.esteri.it\/it\/wp-json\/wp\/v2\/types\/post"}],"author":[{"embeddable":true,"href":"https:\/\/ambbaghdad.esteri.it\/it\/wp-json\/wp\/v2\/users\/4"}],"replies":[{"embeddable":true,"href":"https:\/\/ambbaghdad.esteri.it\/it\/wp-json\/wp\/v2\/comments?post=4030"}],"version-history":[{"count":1,"href":"https:\/\/ambbaghdad.esteri.it\/it\/wp-json\/wp\/v2\/posts\/4030\/revisions"}],"predecessor-version":[{"id":4042,"href":"https:\/\/ambbaghdad.esteri.it\/it\/wp-json\/wp\/v2\/posts\/4030\/revisions\/4042"}],"wp:featuredmedia":[{"embeddable":true,"href":"https:\/\/ambbaghdad.esteri.it\/it\/wp-json\/wp\/v2\/media\/4031"}],"wp:attachment":[{"href":"https:\/\/ambbaghdad.esteri.it\/it\/wp-json\/wp\/v2\/media?parent=4030"}],"wp:term":[{"taxonomy":"post_tag","embeddable":true,"href":"https:\/\/ambbaghdad.esteri.it\/it\/wp-json\/wp\/v2\/tags?post=4030"}],"curies":[{"name":"wp","href":"https:\/\/api.w.org\/{rel}","templated":true}]}}