{"id":5834,"date":"2025-11-12T12:42:09","date_gmt":"2025-11-12T11:42:09","guid":{"rendered":"https:\/\/ambbaghdad.esteri.it\/?p=5834"},"modified":"2025-11-12T12:48:03","modified_gmt":"2025-11-12T11:48:03","slug":"giornata-del-ricordo-dei-caduti-militari-e-civili-nelle-missioni-internazionali","status":"publish","type":"post","link":"https:\/\/ambbaghdad.esteri.it\/it\/news\/dall_ambasciata\/2025\/11\/giornata-del-ricordo-dei-caduti-militari-e-civili-nelle-missioni-internazionali\/","title":{"rendered":"Giornata del Ricordo dei Caduti Militari e Civili nelle Missioni Internazionali"},"content":{"rendered":"<p style=\"text-align: justify;\">In occasione della Giornata del Ricordo dei Caduti Militari e Civili nelle Missioni Internazionali, l\u2019Ambasciata d\u2019Italia a Baghdad ha reso omaggio a quanti hanno sacrificato la propria vita, servendo con dedizione, professionalit\u00e0 e coraggio l\u2019Italia e la comunit\u00e0 internazionale.<\/p>\n<p style=\"text-align: justify;\">\n<p style=\"text-align: justify;\">La ricorrenza assume, qui in Iraq, un valore particolarmente profondo. Il 12 novembre \u00e8 infatti la data scelta dall\u2019Italia per commemorare i propri caduti nelle missioni internazionali, in memoria della strage di Nassiriya del 2003 quando un attentato contro la base italiana caus\u00f2 la morte di 19 connazionali \u2013 tra militari e civili \u2013 e di 9 cittadini iracheni.<\/p>\n<p style=\"text-align: justify;\">\n<p style=\"text-align: justify;\">Quel tragico evento, che segn\u00f2 uno dei momenti pi\u00f9 dolorosi della presenza italiana in Iraq, rimane simbolo del prezzo pagato per la pace e testimonianza della solidariet\u00e0 tra i nostri due Paesi. Il ricordo di quella giornata di sgomento e dolore continua a unirci nel rispetto e nella gratitudine verso coloro che hanno perso la vita nell\u2019adempimento del proprio dovere. A Nassiriya caddero militari dell\u2019Arma dei Carabinieri, dell\u2019Esercito Italiano e operatori della Cooperazione Italiana, impegnati nella missione \u201cOperazione Antica Babilonia\u201d per sostenere la ricostruzione e lo sviluppo dell\u2019Iraq.<\/p>\n<p style=\"text-align: justify;\">\n<p style=\"text-align: justify;\">A ventidue anni da quella tragica giornata, Carabinieri, Esercito e Cooperazione Italiana insieme ad altre articolazioni dello Stato continuano a operare in Iraq, mantenendo viva la memoria dei caduti e proseguendo con lo stesso spirito di solidariet\u00e0 e impegno civile che ne ispir\u00f2 l\u2019azione.<\/p>\n<p style=\"text-align: justify;\">\n<p style=\"text-align: justify;\">Durante la cerimonia commemorativa, cui hanno preso parte delegazioni di tutte le Forze Armate italiane presenti oggi in Iraq all\u2019interno della Coalizione Anti-Daesh (OIR), della missione Nato (NMI) e della missione di advisory dell\u2019Unione Europea (EUAM), sono stati ricordati uno per uno i 33 italiani \u2013 militari e civili, provenienti da ogni regione del Paese \u2013 che hanno onorato l\u2019Italia con l\u2019estremo sacrificio, servendo con onore, umanit\u00e0 e senso del dovere.<\/p>\n","protected":false},"excerpt":{"rendered":"In occasione della Giornata del Ricordo dei Caduti Militari e Civili nelle Missioni Internazionali, l\u2019Ambasciata d\u2019Italia a Baghdad ha reso omaggio a quanti hanno sacrificato la propria vita, servendo con dedizione, professionalit\u00e0 e coraggio l\u2019Italia e la comunit\u00e0 internazionale. La ricorrenza assume, qui in Iraq, un valore particolarmente profondo. Il 12 novembre \u00e8 infatti la [&hellip;]","protected":false},"author":10,"featured_media":5849,"comment_status":"closed","ping_status":"closed","sticky":false,"template":"","format":"standard","meta":{"footnotes":""},"tags":[],"class_list":["post-5834","post","type-post","status-publish","format-standard","has-post-thumbnail","hentry"],"_links":{"self":[{"href":"https:\/\/ambbaghdad.esteri.it\/it\/wp-json\/wp\/v2\/posts\/5834","targetHints":{"allow":["GET"]}}],"collection":[{"href":"https:\/\/ambbaghdad.esteri.it\/it\/wp-json\/wp\/v2\/posts"}],"about":[{"href":"https:\/\/ambbaghdad.esteri.it\/it\/wp-json\/wp\/v2\/types\/post"}],"author":[{"embeddable":true,"href":"https:\/\/ambbaghdad.esteri.it\/it\/wp-json\/wp\/v2\/users\/10"}],"replies":[{"embeddable":true,"href":"https:\/\/ambbaghdad.esteri.it\/it\/wp-json\/wp\/v2\/comments?post=5834"}],"version-history":[{"count":2,"href":"https:\/\/ambbaghdad.esteri.it\/it\/wp-json\/wp\/v2\/posts\/5834\/revisions"}],"predecessor-version":[{"id":5876,"href":"https:\/\/ambbaghdad.esteri.it\/it\/wp-json\/wp\/v2\/posts\/5834\/revisions\/5876"}],"wp:featuredmedia":[{"embeddable":true,"href":"https:\/\/ambbaghdad.esteri.it\/it\/wp-json\/wp\/v2\/media\/5849"}],"wp:attachment":[{"href":"https:\/\/ambbaghdad.esteri.it\/it\/wp-json\/wp\/v2\/media?parent=5834"}],"wp:term":[{"taxonomy":"post_tag","embeddable":true,"href":"https:\/\/ambbaghdad.esteri.it\/it\/wp-json\/wp\/v2\/tags?post=5834"}],"curies":[{"name":"wp","href":"https:\/\/api.w.org\/{rel}","templated":true}]}}